{"id":18530,"date":"2016-02-15T10:17:00","date_gmt":"2016-02-15T11:17:00","guid":{"rendered":"https:\/\/museu-angra.cultura.azores.gov.pt\/painting-exhibition-by-manuel-martins-third-dimension-439\/"},"modified":"2025-07-23T10:04:22","modified_gmt":"2025-07-23T10:04:22","slug":"painting-exhibition-by-manuel-martins-third-dimension-439","status":"publish","type":"post","link":"https:\/\/museu-angra.cultura.azores.gov.pt\/en\/painting-exhibition-by-manuel-martins-third-dimension-439\/","title":{"rendered":"Painting Exhibition by Manuel Martins \u2013 Third Dimension 439"},"content":{"rendered":"\n<p>Manuel Martins, a visual artist from Terceira, explores the various possibilities of paper as a medium in his latest painting exhibition, entitled \u201cOn the Materiality of Paper\u201d. The exhibition is on display at the Angra Museum, in the city of Angra do Hero\u00edsmo, until 12 June.<\/p>\n\n<iframe loading=\"lazy\" title=\"Exposi\u00e7\u00e3o de pintura de Manuel Martins - Terceira Dimens\u00e3o 439\" width=\"500\" height=\"281\" src=\"https:\/\/www.youtube.com\/embed\/jxFpL6rtcTk?feature=oembed\" frameborder=\"0\" allow=\"accelerometer; autoplay; clipboard-write; encrypted-media; gyroscope; picture-in-picture; web-share\" referrerpolicy=\"strict-origin-when-cross-origin\" allowfullscreen><\/iframe>\n","protected":false},"excerpt":{"rendered":"<p>Painting Exhibition by Manuel Martins \u2013 Third Dimension 439<\/p>\n","protected":false},"author":5,"featured_media":0,"comment_status":"open","ping_status":"open","sticky":false,"template":"","format":"standard","meta":{"footnotes":""},"categories":[57],"tags":[],"class_list":["post-18530","post","type-post","status-publish","format-standard","hentry","category-video-en"],"acf":[],"yoast_head":"<!-- This site is optimized with the Yoast SEO plugin v27.4 - https:\/\/yoast.com\/product\/yoast-seo-wordpress\/ -->\n<title>Painting Exhibition by Manuel Martins \u2013 Third Dimension 439 - Museum of Angra do Heroismo<\/title>\n<meta name=\"robots\" content=\"index, follow, max-snippet:-1, max-image-preview:large, max-video-preview:-1\" \/>\n<link rel=\"canonical\" href=\"https:\/\/museu-angra.cultura.azores.gov.pt\/en\/painting-exhibition-by-manuel-martins-third-dimension-439\/\" \/>\n<meta property=\"og:locale\" content=\"en_US\" \/>\n<meta property=\"og:type\" content=\"article\" \/>\n<meta property=\"og:title\" content=\"Painting Exhibition by Manuel Martins \u2013 Third Dimension 439 - Museum of Angra do Heroismo\" \/>\n<meta property=\"og:description\" content=\"Painting Exhibition by Manuel Martins \u2013 Third Dimension 439\" \/>\n<meta property=\"og:url\" content=\"https:\/\/museu-angra.cultura.azores.gov.pt\/en\/painting-exhibition-by-manuel-martins-third-dimension-439\/\" \/>\n<meta property=\"og:site_name\" content=\"Museum of Angra do Heroismo\" \/>\n<meta property=\"article:publisher\" content=\"https:\/\/www.facebook.com\/MuseuDeAngraDoHeroismo\" \/>\n<meta property=\"article:published_time\" content=\"2016-02-15T11:17:00+00:00\" \/>\n<meta property=\"article:modified_time\" content=\"2025-07-23T10:04:22+00:00\" \/>\n<meta name=\"author\" content=\"Vitor Oliveira\" \/>\n<meta name=\"twitter:card\" content=\"summary_large_image\" \/>\n<meta name=\"twitter:label1\" content=\"Written by\" \/>\n\t<meta name=\"twitter:data1\" content=\"Vitor Oliveira\" \/>\n<script type=\"application\/ld+json\" class=\"yoast-schema-graph\">{\"@context\":\"https:\\\/\\\/schema.org\",\"@graph\":[{\"@type\":\"Article\",\"@id\":\"https:\\\/\\\/museu-angra.cultura.azores.gov.pt\\\/en\\\/painting-exhibition-by-manuel-martins-third-dimension-439\\\/#article\",\"isPartOf\":{\"@id\":\"https:\\\/\\\/museu-angra.cultura.azores.gov.pt\\\/en\\\/painting-exhibition-by-manuel-martins-third-dimension-439\\\/\"},\"author\":{\"name\":\"Vitor Oliveira\",\"@id\":\"https:\\\/\\\/museu-angra.cultura.azores.gov.pt\\\/en\\\/#\\\/schema\\\/person\\\/80faebcebd7cddd92181334dada81b67\"},\"headline\":\"Painting Exhibition by Manuel Martins \u2013 Third Dimension 439\",\"datePublished\":\"2016-02-15T11:17:00+00:00\",\"dateModified\":\"2025-07-23T10:04:22+00:00\",\"mainEntityOfPage\":{\"@id\":\"https:\\\/\\\/museu-angra.cultura.azores.gov.pt\\\/en\\\/painting-exhibition-by-manuel-martins-third-dimension-439\\\/\"},\"wordCount\":61,\"commentCount\":0,\"publisher\":{\"@id\":\"https:\\\/\\\/museu-angra.cultura.azores.gov.pt\\\/en\\\/#organization\"},\"articleSection\":[\"video\"],\"inLanguage\":\"en-US\",\"potentialAction\":[{\"@type\":\"CommentAction\",\"name\":\"Comment\",\"target\":[\"https:\\\/\\\/museu-angra.cultura.azores.gov.pt\\\/en\\\/painting-exhibition-by-manuel-martins-third-dimension-439\\\/#respond\"]}]},{\"@type\":\"WebPage\",\"@id\":\"https:\\\/\\\/museu-angra.cultura.azores.gov.pt\\\/en\\\/painting-exhibition-by-manuel-martins-third-dimension-439\\\/\",\"url\":\"https:\\\/\\\/museu-angra.cultura.azores.gov.pt\\\/en\\\/painting-exhibition-by-manuel-martins-third-dimension-439\\\/\",\"name\":\"Painting Exhibition by Manuel Martins \u2013 Third Dimension 439 - Museum of Angra do Heroismo\",\"isPartOf\":{\"@id\":\"https:\\\/\\\/museu-angra.cultura.azores.gov.pt\\\/en\\\/#website\"},\"datePublished\":\"2016-02-15T11:17:00+00:00\",\"dateModified\":\"2025-07-23T10:04:22+00:00\",\"breadcrumb\":{\"@id\":\"https:\\\/\\\/museu-angra.cultura.azores.gov.pt\\\/en\\\/painting-exhibition-by-manuel-martins-third-dimension-439\\\/#breadcrumb\"},\"inLanguage\":\"en-US\",\"potentialAction\":[{\"@type\":\"ReadAction\",\"target\":[\"https:\\\/\\\/museu-angra.cultura.azores.gov.pt\\\/en\\\/painting-exhibition-by-manuel-martins-third-dimension-439\\\/\"]}]},{\"@type\":\"BreadcrumbList\",\"@id\":\"https:\\\/\\\/museu-angra.cultura.azores.gov.pt\\\/en\\\/painting-exhibition-by-manuel-martins-third-dimension-439\\\/#breadcrumb\",\"itemListElement\":[{\"@type\":\"ListItem\",\"position\":1,\"name\":\"In\u00edcio\",\"item\":\"https:\\\/\\\/museu-angra.cultura.azores.gov.pt\\\/en\\\/\"},{\"@type\":\"ListItem\",\"position\":2,\"name\":\"Painting Exhibition by Manuel Martins \u2013 Third Dimension 439\"}]},{\"@type\":\"WebSite\",\"@id\":\"https:\\\/\\\/museu-angra.cultura.azores.gov.pt\\\/en\\\/#website\",\"url\":\"https:\\\/\\\/museu-angra.cultura.azores.gov.pt\\\/en\\\/\",\"name\":\"Museu de Angra do Hero\u00edsmo\",\"description\":\"Website do Museu de Angra do Heroismo.\",\"publisher\":{\"@id\":\"https:\\\/\\\/museu-angra.cultura.azores.gov.pt\\\/en\\\/#organization\"},\"potentialAction\":[{\"@type\":\"SearchAction\",\"target\":{\"@type\":\"EntryPoint\",\"urlTemplate\":\"https:\\\/\\\/museu-angra.cultura.azores.gov.pt\\\/en\\\/?s={search_term_string}\"},\"query-input\":{\"@type\":\"PropertyValueSpecification\",\"valueRequired\":true,\"valueName\":\"search_term_string\"}}],\"inLanguage\":\"en-US\"},{\"@type\":\"Organization\",\"@id\":\"https:\\\/\\\/museu-angra.cultura.azores.gov.pt\\\/en\\\/#organization\",\"name\":\"Museu de Angra do Hero\u00edsmo\",\"url\":\"https:\\\/\\\/museu-angra.cultura.azores.gov.pt\\\/en\\\/\",\"logo\":{\"@type\":\"ImageObject\",\"inLanguage\":\"en-US\",\"@id\":\"https:\\\/\\\/museu-angra.cultura.azores.gov.pt\\\/en\\\/#\\\/schema\\\/logo\\\/image\\\/\",\"url\":\"https:\\\/\\\/museu-angra.cultura.azores.gov.pt\\\/wp-content\\\/uploads\\\/2024\\\/01\\\/MicrosoftTeams-image-1.png\",\"contentUrl\":\"https:\\\/\\\/museu-angra.cultura.azores.gov.pt\\\/wp-content\\\/uploads\\\/2024\\\/01\\\/MicrosoftTeams-image-1.png\",\"width\":512,\"height\":512,\"caption\":\"Museu de Angra do Hero\u00edsmo\"},\"image\":{\"@id\":\"https:\\\/\\\/museu-angra.cultura.azores.gov.pt\\\/en\\\/#\\\/schema\\\/logo\\\/image\\\/\"},\"sameAs\":[\"https:\\\/\\\/www.facebook.com\\\/MuseuDeAngraDoHeroismo\",\"https:\\\/\\\/www.instagram.com\\\/museu.angra\\\/\"]},{\"@type\":\"Person\",\"@id\":\"https:\\\/\\\/museu-angra.cultura.azores.gov.pt\\\/en\\\/#\\\/schema\\\/person\\\/80faebcebd7cddd92181334dada81b67\",\"name\":\"Vitor Oliveira\",\"image\":{\"@type\":\"ImageObject\",\"inLanguage\":\"en-US\",\"@id\":\"https:\\\/\\\/secure.gravatar.com\\\/avatar\\\/c02568358079a61bbd0ddc9e62cc5dd5c7348d7b1aba74bd7333e59cfd619334?s=96&d=mm&r=g\",\"url\":\"https:\\\/\\\/secure.gravatar.com\\\/avatar\\\/c02568358079a61bbd0ddc9e62cc5dd5c7348d7b1aba74bd7333e59cfd619334?s=96&d=mm&r=g\",\"contentUrl\":\"https:\\\/\\\/secure.gravatar.com\\\/avatar\\\/c02568358079a61bbd0ddc9e62cc5dd5c7348d7b1aba74bd7333e59cfd619334?s=96&d=mm&r=g\",\"caption\":\"Vitor Oliveira\"},\"url\":\"https:\\\/\\\/museu-angra.cultura.azores.gov.pt\\\/en\\\/author\\\/vitor-oliveira\\\/\"}]}<\/script>\n<!-- \/ Yoast SEO plugin. -->","yoast_head_json":{"title":"Painting Exhibition by Manuel Martins \u2013 Third Dimension 439 - Museum of Angra do Heroismo","robots":{"index":"index","follow":"follow","max-snippet":"max-snippet:-1","max-image-preview":"max-image-preview:large","max-video-preview":"max-video-preview:-1"},"canonical":"https:\/\/museu-angra.cultura.azores.gov.pt\/en\/painting-exhibition-by-manuel-martins-third-dimension-439\/","og_locale":"en_US","og_type":"article","og_title":"Painting Exhibition by Manuel Martins \u2013 Third Dimension 439 - Museum of Angra do Heroismo","og_description":"Painting Exhibition by Manuel Martins \u2013 Third Dimension 439","og_url":"https:\/\/museu-angra.cultura.azores.gov.pt\/en\/painting-exhibition-by-manuel-martins-third-dimension-439\/","og_site_name":"Museum of Angra do Heroismo","article_publisher":"https:\/\/www.facebook.com\/MuseuDeAngraDoHeroismo","article_published_time":"2016-02-15T11:17:00+00:00","article_modified_time":"2025-07-23T10:04:22+00:00","author":"Vitor Oliveira","twitter_card":"summary_large_image","twitter_misc":{"Written by":"Vitor Oliveira"},"schema":{"@context":"https:\/\/schema.org","@graph":[{"@type":"Article","@id":"https:\/\/museu-angra.cultura.azores.gov.pt\/en\/painting-exhibition-by-manuel-martins-third-dimension-439\/#article","isPartOf":{"@id":"https:\/\/museu-angra.cultura.azores.gov.pt\/en\/painting-exhibition-by-manuel-martins-third-dimension-439\/"},"author":{"name":"Vitor Oliveira","@id":"https:\/\/museu-angra.cultura.azores.gov.pt\/en\/#\/schema\/person\/80faebcebd7cddd92181334dada81b67"},"headline":"Painting Exhibition by Manuel Martins \u2013 Third Dimension 439","datePublished":"2016-02-15T11:17:00+00:00","dateModified":"2025-07-23T10:04:22+00:00","mainEntityOfPage":{"@id":"https:\/\/museu-angra.cultura.azores.gov.pt\/en\/painting-exhibition-by-manuel-martins-third-dimension-439\/"},"wordCount":61,"commentCount":0,"publisher":{"@id":"https:\/\/museu-angra.cultura.azores.gov.pt\/en\/#organization"},"articleSection":["video"],"inLanguage":"en-US","potentialAction":[{"@type":"CommentAction","name":"Comment","target":["https:\/\/museu-angra.cultura.azores.gov.pt\/en\/painting-exhibition-by-manuel-martins-third-dimension-439\/#respond"]}]},{"@type":"WebPage","@id":"https:\/\/museu-angra.cultura.azores.gov.pt\/en\/painting-exhibition-by-manuel-martins-third-dimension-439\/","url":"https:\/\/museu-angra.cultura.azores.gov.pt\/en\/painting-exhibition-by-manuel-martins-third-dimension-439\/","name":"Painting Exhibition by Manuel Martins \u2013 Third Dimension 439 - Museum of Angra do Heroismo","isPartOf":{"@id":"https:\/\/museu-angra.cultura.azores.gov.pt\/en\/#website"},"datePublished":"2016-02-15T11:17:00+00:00","dateModified":"2025-07-23T10:04:22+00:00","breadcrumb":{"@id":"https:\/\/museu-angra.cultura.azores.gov.pt\/en\/painting-exhibition-by-manuel-martins-third-dimension-439\/#breadcrumb"},"inLanguage":"en-US","potentialAction":[{"@type":"ReadAction","target":["https:\/\/museu-angra.cultura.azores.gov.pt\/en\/painting-exhibition-by-manuel-martins-third-dimension-439\/"]}]},{"@type":"BreadcrumbList","@id":"https:\/\/museu-angra.cultura.azores.gov.pt\/en\/painting-exhibition-by-manuel-martins-third-dimension-439\/#breadcrumb","itemListElement":[{"@type":"ListItem","position":1,"name":"In\u00edcio","item":"https:\/\/museu-angra.cultura.azores.gov.pt\/en\/"},{"@type":"ListItem","position":2,"name":"Painting Exhibition by Manuel Martins \u2013 Third Dimension 439"}]},{"@type":"WebSite","@id":"https:\/\/museu-angra.cultura.azores.gov.pt\/en\/#website","url":"https:\/\/museu-angra.cultura.azores.gov.pt\/en\/","name":"Museu de Angra do Hero\u00edsmo","description":"Website do Museu de Angra do Heroismo.","publisher":{"@id":"https:\/\/museu-angra.cultura.azores.gov.pt\/en\/#organization"},"potentialAction":[{"@type":"SearchAction","target":{"@type":"EntryPoint","urlTemplate":"https:\/\/museu-angra.cultura.azores.gov.pt\/en\/?s={search_term_string}"},"query-input":{"@type":"PropertyValueSpecification","valueRequired":true,"valueName":"search_term_string"}}],"inLanguage":"en-US"},{"@type":"Organization","@id":"https:\/\/museu-angra.cultura.azores.gov.pt\/en\/#organization","name":"Museu de Angra do Hero\u00edsmo","url":"https:\/\/museu-angra.cultura.azores.gov.pt\/en\/","logo":{"@type":"ImageObject","inLanguage":"en-US","@id":"https:\/\/museu-angra.cultura.azores.gov.pt\/en\/#\/schema\/logo\/image\/","url":"https:\/\/museu-angra.cultura.azores.gov.pt\/wp-content\/uploads\/2024\/01\/MicrosoftTeams-image-1.png","contentUrl":"https:\/\/museu-angra.cultura.azores.gov.pt\/wp-content\/uploads\/2024\/01\/MicrosoftTeams-image-1.png","width":512,"height":512,"caption":"Museu de Angra do Hero\u00edsmo"},"image":{"@id":"https:\/\/museu-angra.cultura.azores.gov.pt\/en\/#\/schema\/logo\/image\/"},"sameAs":["https:\/\/www.facebook.com\/MuseuDeAngraDoHeroismo","https:\/\/www.instagram.com\/museu.angra\/"]},{"@type":"Person","@id":"https:\/\/museu-angra.cultura.azores.gov.pt\/en\/#\/schema\/person\/80faebcebd7cddd92181334dada81b67","name":"Vitor Oliveira","image":{"@type":"ImageObject","inLanguage":"en-US","@id":"https:\/\/secure.gravatar.com\/avatar\/c02568358079a61bbd0ddc9e62cc5dd5c7348d7b1aba74bd7333e59cfd619334?s=96&d=mm&r=g","url":"https:\/\/secure.gravatar.com\/avatar\/c02568358079a61bbd0ddc9e62cc5dd5c7348d7b1aba74bd7333e59cfd619334?s=96&d=mm&r=g","contentUrl":"https:\/\/secure.gravatar.com\/avatar\/c02568358079a61bbd0ddc9e62cc5dd5c7348d7b1aba74bd7333e59cfd619334?s=96&d=mm&r=g","caption":"Vitor Oliveira"},"url":"https:\/\/museu-angra.cultura.azores.gov.pt\/en\/author\/vitor-oliveira\/"}]}},"_links":{"self":[{"href":"https:\/\/museu-angra.cultura.azores.gov.pt\/en\/wp-json\/wp\/v2\/posts\/18530","targetHints":{"allow":["GET"]}}],"collection":[{"href":"https:\/\/museu-angra.cultura.azores.gov.pt\/en\/wp-json\/wp\/v2\/posts"}],"about":[{"href":"https:\/\/museu-angra.cultura.azores.gov.pt\/en\/wp-json\/wp\/v2\/types\/post"}],"author":[{"embeddable":true,"href":"https:\/\/museu-angra.cultura.azores.gov.pt\/en\/wp-json\/wp\/v2\/users\/5"}],"replies":[{"embeddable":true,"href":"https:\/\/museu-angra.cultura.azores.gov.pt\/en\/wp-json\/wp\/v2\/comments?post=18530"}],"version-history":[{"count":1,"href":"https:\/\/museu-angra.cultura.azores.gov.pt\/en\/wp-json\/wp\/v2\/posts\/18530\/revisions"}],"predecessor-version":[{"id":18531,"href":"https:\/\/museu-angra.cultura.azores.gov.pt\/en\/wp-json\/wp\/v2\/posts\/18530\/revisions\/18531"}],"wp:attachment":[{"href":"https:\/\/museu-angra.cultura.azores.gov.pt\/en\/wp-json\/wp\/v2\/media?parent=18530"}],"wp:term":[{"taxonomy":"category","embeddable":true,"href":"https:\/\/museu-angra.cultura.azores.gov.pt\/en\/wp-json\/wp\/v2\/categories?post=18530"},{"taxonomy":"post_tag","embeddable":true,"href":"https:\/\/museu-angra.cultura.azores.gov.pt\/en\/wp-json\/wp\/v2\/tags?post=18530"}],"curies":[{"name":"wp","href":"https:\/\/api.w.org\/{rel}","templated":true}]}}